{"id":1926,"date":"2025-12-08T23:12:02","date_gmt":"2025-12-08T23:12:02","guid":{"rendered":"https:\/\/ajedrez.cve.edu.es\/gossage\/?p=1926"},"modified":"2025-12-20T00:01:12","modified_gmt":"2025-12-20T00:01:12","slug":"resultados-del-concurso-caballito-de-ajedrez","status":"publish","type":"post","link":"https:\/\/ajedrez.cve.edu.es\/gossage\/resultados-del-concurso-caballito-de-ajedrez\/","title":{"rendered":"Resultados del concurso Caballito de ajedrez"},"content":{"rendered":"\n<p>Han llegado los resultados del concurso realizado en Europa el 30 de Octubre de 2025:<\/p>\n\n\n\n<p><strong>En<\/strong> <strong><span class=\"has-inline-color has-black-color\">la categor\u00eda PE\u00d3N<\/span><\/strong> (nacidos en 2016 o despu\u00e9s) <strong>en Madrid se presentaron 30 alumnos y en toda espa\u00f1a 95<\/strong><\/p>\n\n\n\n<p><strong>Alvar Herrero<\/strong>, 3\u00ba de EP, obtuvo <strong>61,25<\/strong> puntos. <strong>12<\/strong>\u00ba de Madrid y <strong>34<\/strong>\u00ba de Espa\u00f1a<\/p>\n\n\n\n<p><strong>Adri\u00e1n Escudero<\/strong>, 4\u00ba  de EP,  obtuvo <strong>61<\/strong> puntos. <strong>13<\/strong>\u00ba de Madrid y <strong>36<\/strong>\u00ba de Espa\u00f1a <\/p>\n\n\n\n<p><strong>Nicol\u00e1s Huiszoon<\/strong>, 4\u00ba de EP,  obtuvo <strong>52,5<\/strong> puntos. <strong>18<\/strong>\u00ba de Madrid y <strong>50<\/strong>\u00ba de Espa\u00f1a <\/p>\n\n\n\n<p><strong>Oscar Dias<\/strong>, 4\u00ba EP, obtuvo <strong>51,25<\/strong> puntos. <strong>19<\/strong>\u00ba de Madrid y<strong> 52<\/strong>\u00ba de Espa\u00f1a <\/p>\n\n\n\n<p><strong>Mateo \u00c1rias<\/strong>, de 3\u00ba EP, obtuvo <strong>47,5<\/strong> puntos. <strong>21<\/strong>\u00ba de Madrid y <strong>58<\/strong>\u00ba de Espa\u00f1a <\/p>\n\n\n\n<p><strong>Daniel Dias<\/strong>, 4\u00ba EP, obtuvo <strong>43,75<\/strong> puntos. <strong>25<\/strong>\u00ba de Madrid y <strong>65<\/strong>\u00ba de Espa\u00f1a <\/p>\n\n\n\n<p><\/p>\n\n\n\n<p><strong>En la categor\u00eda ALFIL <\/strong>(nacidos entre 2013 y 2015)<strong> en Madrid se presentaron 32 alumnos y en toda espa\u00f1a 213 <\/strong><\/p>\n\n\n\n<p><strong>Rafael Rouzaut<\/strong>, 1\u00ba ESO, obtuvo <strong>118,75<\/strong> puntos. <strong>2<\/strong>\u00ba de Madrid y <strong>8<\/strong>\u00ba de Espa\u00f1a <\/p>\n\n\n\n<p><strong>Gonzalo Monar<\/strong>, 6\u00ba EP,  obtuvo <strong>92,5<\/strong> puntos. <strong>5<\/strong>\u00ba de Madrid y <strong>30<\/strong>\u00ba de Espa\u00f1a <\/p>\n\n\n\n<p><strong>Daniel Parral<\/strong>, 6\u00ba EP,  obtuvo <strong>77,5<\/strong> puntos.  <strong>9<\/strong>\u00ba de Madrid y <strong>47<\/strong>\u00ba de Espa\u00f1a <\/p>\n\n\n\n<p><strong>Diego Mart\u00ednez Carrasco<\/strong>, 6\u00ba EP,  obtuvo <strong>76,25<\/strong> puntos. <strong>11<\/strong>\u00ba de Madrid y <strong>53<\/strong>\u00ba de Espa\u00f1a <\/p>\n\n\n\n<p><strong>David Mart\u00ednez<\/strong>, 6\u00ba EP,  obtuvo <strong>61,25<\/strong> puntos. <strong>19<\/strong>\u00ba de Madrid y <strong>93<\/strong>\u00ba de Espa\u00f1a <\/p>\n\n\n\n<p><strong>Enzo Revilla<\/strong>, 6\u00ba EP,  obtuvo <strong>50<\/strong> puntos. <strong>25<\/strong>\u00ba de Madrid y <strong>133<\/strong>\u00ba de Espa\u00f1a <\/p>\n\n\n\n<p><strong>Roberto Garc\u00eda L\u00f3pez<\/strong>, 1\u00ba ESO, obtuvo <strong>48,25<\/strong> puntos. <strong>26<\/strong>\u00ba de Madrid y <strong>141<\/strong>\u00ba de Espa\u00f1a <\/p>\n\n\n\n<p><strong>Tom\u00e1s S\u00e1nchez Mart\u00ednez<\/strong>, 1\u00ba ESO,  obtuvo <strong>47,5<\/strong> puntos. <strong>27<\/strong>\u00ba de Madrid y <strong>142<\/strong>\u00ba de Espa\u00f1a <\/p>\n\n\n\n<p><strong>Nicol\u00e1s Vi\u00f1uela<\/strong>, 5\u00ba EP,  obtuvo <strong>47,25<\/strong> puntos. <strong>28<\/strong>\u00ba de Madrid y <strong>145<\/strong>\u00ba de Espa\u00f1a <\/p>\n\n\n\n<p><strong>Juan Gonzalo Parra<\/strong>, 1\u00ba ESO,  obtuvo <strong>47<\/strong> puntos. <strong>29<\/strong>\u00ba de Madrid y <strong>146<\/strong>\u00ba de Espa\u00f1a <\/p>\n\n\n\n<p><strong>Ignacio Salv\u00e1 D\u00edaz<\/strong>, 1\u00ba ESO,  obtuvo <strong>42<\/strong> puntos. <strong>30<\/strong>\u00ba de Madrid y <strong>160<\/strong>\u00ba de Espa\u00f1a <\/p>\n\n\n\n<p><strong>Mateo Rodr\u00edguez<\/strong>, 5\u00ba EP,  obtuvo <strong>41,25<\/strong> puntos. <strong>31<\/strong>\u00ba de Madrid y <strong>162<\/strong>\u00ba de Espa\u00f1a <\/p>\n\n\n\n<p><\/p>\n\n\n\n<p> <strong>En<\/strong> <strong>la categor\u00eda DAMA<\/strong> (nacidos entre 2006 y 2010) <strong>en Madrid se presentaron 22 alumnos y en toda espa\u00f1a 164<\/strong><\/p>\n\n\n\n<p><strong>Iv\u00e1n Morales<\/strong>, 1\u00ba Bach. Internacional, obtuvo <strong>76,25<\/strong> puntos. <strong>7\u00ba<\/strong> de Madrid y <strong>53<\/strong>\u00ba de Espa\u00f1a <\/p>\n\n\n\n<p><strong>Jaime C\u00f3rcoles<\/strong>, 1\u00ba B.I., obtuvo <strong>74,5<\/strong> puntos. <strong>8<\/strong>\u00ba de Madrid y <strong>57<\/strong>\u00ba de Espa\u00f1a<\/p>\n\n\n\n<p><strong>Rodrigo Medrano<\/strong>, 1\u00ba B.I., obtuvo <strong>62,5<\/strong> puntos. <strong>11<\/strong>\u00ba de Madrid y <strong>83<\/strong>\u00ba de Espa\u00f1a <\/p>\n\n\n\n<p><strong>Mart\u00edn Cornejo<\/strong>, 1\u00ba B.I., obtuvo <strong>50<\/strong> puntos. <strong>13<\/strong>\u00ba de Madrid y <strong>115<\/strong>\u00ba de Espa\u00f1a <\/p>\n\n\n\n<p><strong>Mart\u00edn Fern\u00e1ndez Ben<\/strong>, 1\u00ba B.I., obtuvo <strong>47,5<\/strong> puntos. <strong>14<\/strong>\u00ba de Madrid y <strong>119<\/strong>\u00ba de Espa\u00f1a <\/p>\n\n\n\n<p><strong>Pol Mart\u00edn<\/strong>, 1\u00ba B.I., obtuvo <strong>38,75<\/strong> puntos. <strong>19<\/strong>\u00ba de Madrid y <strong>143<\/strong>\u00ba de Espa\u00f1a <\/p>\n\n\n\n<p><strong>Oscar Verea<\/strong>, 1\u00ba B.I., obtuvo <strong>23<\/strong> puntos. <strong>22<\/strong>\u00ba de Madrid y <strong>163<\/strong>\u00ba de Espa\u00f1a <\/p>\n\n\n\n<p><\/p>\n\n\n\n<p><\/p>\n\n\n\n<p><\/p>\n\n\n\n<p><\/p>\n\n\n\n<p><\/p>\n\n\n\n<p><\/p>\n\n\n\n<p><\/p>\n","protected":false},"excerpt":{"rendered":"<p>Han llegado los resultados del concurso realizado en Europa el 30 de Octubre de 2025: En la categor\u00eda PE\u00d3N (nacidos en 2016 o despu\u00e9s) en Madrid se presentaron 30 alumnos y en toda espa\u00f1a 95 Alvar Herrero, 3\u00ba de EP, &hellip; <a href=\"https:\/\/ajedrez.cve.edu.es\/gossage\/resultados-del-concurso-caballito-de-ajedrez\/\">Sigue leyendo <span class=\"meta-nav\">&rarr;<\/span><\/a><\/p>\n","protected":false},"author":2,"featured_media":0,"comment_status":"closed","ping_status":"closed","sticky":false,"template":"","format":"standard","meta":[],"categories":[1],"tags":[],"_links":{"self":[{"href":"https:\/\/ajedrez.cve.edu.es\/gossage\/wp-json\/wp\/v2\/posts\/1926"}],"collection":[{"href":"https:\/\/ajedrez.cve.edu.es\/gossage\/wp-json\/wp\/v2\/posts"}],"about":[{"href":"https:\/\/ajedrez.cve.edu.es\/gossage\/wp-json\/wp\/v2\/types\/post"}],"author":[{"embeddable":true,"href":"https:\/\/ajedrez.cve.edu.es\/gossage\/wp-json\/wp\/v2\/users\/2"}],"replies":[{"embeddable":true,"href":"https:\/\/ajedrez.cve.edu.es\/gossage\/wp-json\/wp\/v2\/comments?post=1926"}],"version-history":[{"count":4,"href":"https:\/\/ajedrez.cve.edu.es\/gossage\/wp-json\/wp\/v2\/posts\/1926\/revisions"}],"predecessor-version":[{"id":1943,"href":"https:\/\/ajedrez.cve.edu.es\/gossage\/wp-json\/wp\/v2\/posts\/1926\/revisions\/1943"}],"wp:attachment":[{"href":"https:\/\/ajedrez.cve.edu.es\/gossage\/wp-json\/wp\/v2\/media?parent=1926"}],"wp:term":[{"taxonomy":"category","embeddable":true,"href":"https:\/\/ajedrez.cve.edu.es\/gossage\/wp-json\/wp\/v2\/categories?post=1926"},{"taxonomy":"post_tag","embeddable":true,"href":"https:\/\/ajedrez.cve.edu.es\/gossage\/wp-json\/wp\/v2\/tags?post=1926"}],"curies":[{"name":"wp","href":"https:\/\/api.w.org\/{rel}","templated":true}]}}